{"id":1165,"date":"2024-04-20T13:31:17","date_gmt":"2024-04-20T11:31:17","guid":{"rendered":"https:\/\/saftunisie.com\/?p=1165"},"modified":"2024-06-04T13:38:50","modified_gmt":"2024-06-04T11:38:50","slug":"saft-tunisies-participation-in-sial-canada-2024-a-remarkable-presence-with-exceptional-nour-dates","status":"publish","type":"post","link":"https:\/\/saftunisie.com\/it\/saft-tunisies-participation-in-sial-canada-2024-a-remarkable-presence-with-exceptional-nour-dates\/","title":{"rendered":"Partecipazione di SAFT Tunisie al SIAL Canada 2024: una presenza straordinaria con datteri Nour eccezionali"},"content":{"rendered":"<div class=\"wpb-content-wrapper\"><div class=\"vc_row wpb_row vc_row-fluid\"><div class=\"wpb_column vc_column_container vc_col-sm-12\"><div class=\"vc_column-inner\"><div class=\"wpb_wrapper\">\n\t<div class=\"wpb_text_column wpb_content_element\" >\n\t\t<div class=\"wpb_wrapper\">\n\t\t\t<p>From April 29 to May 1, 2024, <a href=\"https:\/\/saftunisie.com\/\">SAFT Tunisie<\/a> will have the honor of participating in the prestigious <a href=\"https:\/\/sialcanada.com\/\">Salon International de l&#8217;Alimentation (SIAL) Canada<\/a>, held in Montreal. This event, known as one of the largest gatherings of the food industry in North America, provides an ideal platform to showcase our flagship product: <a href=\"https:\/\/saftunisie.com\/tunisian-dates-deglet-nour\/\">Nour dates<\/a> from Tunisia.<\/p>\n<h4>An Unmissable Presence at SIAL Canada<\/h4>\n<p>SIAL Canada is a hub of innovation and trends where producers, distributors, and food industry professionals from around the world converge. For SAFT Tunisie, it is a golden opportunity to introduce our Nour dates to an international audience. Our booth will highlight the exceptional qualities of our dates: their organic origin, gluten-free certification, and unique taste.<\/p>\n<h4>Nour Dates from Tunisia: A Product of Excellence<\/h4>\n<p>Our Nour dates are renowned for their sweetness and soft texture. Grown in the sunny oases of southern Tunisia, they benefit from ideal climatic conditions that give them an incomparable flavor. Our environmentally friendly farming methods and organic certification ensure a healthy and natural product, meeting the expectations of consumers concerned about their health and the environment.<\/p>\n<p>In addition to being organic, our dates are gluten-free, making them accessible to individuals with dietary intolerances. Their richness in fiber, vitamins, and minerals makes them a perfect food for a balanced diet.<\/p>\n<h4>Objectives and Expectations<\/h4>\n<p>SAFT Tunisie&#8217;s participation in SIAL Canada aims to strengthen our position in the North American market. We seek to establish partnerships with distributors and retailers who share our passion for high-quality products. The fair will also be an opportunity to meet chefs and culinary professionals eager to incorporate healthy and delicious products into their culinary creations.<\/p>\n<p>We hope our booth will attract visitors&#8217; attention with tastings of our Nour dates, allowing everyone to discover their exquisite flavor and tender texture. Additionally, we will present detailed information about our production process, certifications, and the nutritional benefits of our dates.<\/p>\n<h4>Conclusion<\/h4>\n<p>SAFT Tunisie&#8217;s participation in SIAL Canada 2024 is a significant step in our international development strategy. By highlighting the exceptional qualities of our <a href=\"https:\/\/saftunisie.com\/tunisian-dates-deglet-nour\/#pitted-dates-deglet-nour\">Nour dates<\/a>, we aim not only to conquer new markets but also to raise consumer awareness about the importance of choosing healthy, natural, and environmentally friendly products. We invite you to visit us from April 29 to May 1 to discover and savor the delights of Nour dates from Tunisia.<\/p>\n<p><strong>We look forward to welcoming you at the SAFT Tunisie stand to share an unforgettable tasting experience!<\/strong><\/p>\n\n\t\t<\/div>\n\t<\/div>\n<\/div><\/div><\/div><\/div><div class=\"vc_row wpb_row vc_row-fluid\"><div class=\"wpb_column vc_column_container vc_col-sm-3\"><div class=\"vc_column-inner\"><div class=\"wpb_wrapper\"><\/div><\/div><\/div><div class=\"wpb_column vc_column_container vc_col-sm-6\"><div class=\"vc_column-inner\"><div class=\"wpb_wrapper\"><div class=\"wpb_gallery wpb_content_element vc_clearfix\" ><div class=\"wpb_wrapper\"><div class=\"wpb_gallery_slides wpb_flexslider flexslider_fade flexslider\" data-interval=\"3\" data-flex_fx=\"fade\"><ul class=\"slides\"><li><a class=\"\" href=\"https:\/\/saftunisie.com\/wp-content\/uploads\/2024\/06\/saft_1-1024x768.jpeg\" data-lightbox=\"lightbox[rel-1165-1890549246]\"><img loading=\"lazy\" decoding=\"async\" width=\"1024\" height=\"768\" src=\"https:\/\/saftunisie.com\/wp-content\/uploads\/2024\/06\/saft_1-1024x768.jpeg\" class=\"attachment-large\" alt=\"\" title=\"saft_1\" srcset=\"https:\/\/saftunisie.com\/wp-content\/uploads\/2024\/06\/saft_1-1024x768.jpeg 1024w, https:\/\/saftunisie.com\/wp-content\/uploads\/2024\/06\/saft_1-300x225.jpeg 300w, https:\/\/saftunisie.com\/wp-content\/uploads\/2024\/06\/saft_1-768x576.jpeg 768w, https:\/\/saftunisie.com\/wp-content\/uploads\/2024\/06\/saft_1.jpeg 1280w\" sizes=\"auto, (max-width: 1024px) 100vw, 1024px\" \/><\/a><\/li><li><a class=\"\" href=\"https:\/\/saftunisie.com\/wp-content\/uploads\/2024\/06\/saft_6-576x1024.jpeg\" data-lightbox=\"lightbox[rel-1165-1890549246]\"><img loading=\"lazy\" decoding=\"async\" width=\"576\" height=\"1024\" src=\"https:\/\/saftunisie.com\/wp-content\/uploads\/2024\/06\/saft_6-576x1024.jpeg\" class=\"attachment-large\" alt=\"\" title=\"saft_6\" srcset=\"https:\/\/saftunisie.com\/wp-content\/uploads\/2024\/06\/saft_6-576x1024.jpeg 576w, https:\/\/saftunisie.com\/wp-content\/uploads\/2024\/06\/saft_6-169x300.jpeg 169w, https:\/\/saftunisie.com\/wp-content\/uploads\/2024\/06\/saft_6.jpeg 720w\" sizes=\"auto, (max-width: 576px) 100vw, 576px\" \/><\/a><\/li><li><a class=\"\" href=\"https:\/\/saftunisie.com\/wp-content\/uploads\/2024\/06\/saft_5-1024x576.jpeg\" data-lightbox=\"lightbox[rel-1165-1890549246]\"><img loading=\"lazy\" decoding=\"async\" width=\"1024\" height=\"576\" src=\"https:\/\/saftunisie.com\/wp-content\/uploads\/2024\/06\/saft_5-1024x576.jpeg\" class=\"attachment-large\" alt=\"\" title=\"saft_5\" srcset=\"https:\/\/saftunisie.com\/wp-content\/uploads\/2024\/06\/saft_5-1024x576.jpeg 1024w, https:\/\/saftunisie.com\/wp-content\/uploads\/2024\/06\/saft_5-300x169.jpeg 300w, https:\/\/saftunisie.com\/wp-content\/uploads\/2024\/06\/saft_5-768x432.jpeg 768w, https:\/\/saftunisie.com\/wp-content\/uploads\/2024\/06\/saft_5.jpeg 1280w\" sizes=\"auto, (max-width: 1024px) 100vw, 1024px\" \/><\/a><\/li><li><a class=\"\" href=\"https:\/\/saftunisie.com\/wp-content\/uploads\/2024\/06\/saft_4-576x1024.jpeg\" data-lightbox=\"lightbox[rel-1165-1890549246]\"><img loading=\"lazy\" decoding=\"async\" width=\"576\" height=\"1024\" src=\"https:\/\/saftunisie.com\/wp-content\/uploads\/2024\/06\/saft_4-576x1024.jpeg\" class=\"attachment-large\" alt=\"\" title=\"saft_4\" srcset=\"https:\/\/saftunisie.com\/wp-content\/uploads\/2024\/06\/saft_4-576x1024.jpeg 576w, https:\/\/saftunisie.com\/wp-content\/uploads\/2024\/06\/saft_4-169x300.jpeg 169w, https:\/\/saftunisie.com\/wp-content\/uploads\/2024\/06\/saft_4.jpeg 720w\" sizes=\"auto, (max-width: 576px) 100vw, 576px\" \/><\/a><\/li><li><a class=\"\" href=\"https:\/\/saftunisie.com\/wp-content\/uploads\/2024\/06\/saft_3-576x1024.jpeg\" data-lightbox=\"lightbox[rel-1165-1890549246]\"><img loading=\"lazy\" decoding=\"async\" width=\"576\" height=\"1024\" src=\"https:\/\/saftunisie.com\/wp-content\/uploads\/2024\/06\/saft_3-576x1024.jpeg\" class=\"attachment-large\" alt=\"\" title=\"saft_3\" srcset=\"https:\/\/saftunisie.com\/wp-content\/uploads\/2024\/06\/saft_3-576x1024.jpeg 576w, https:\/\/saftunisie.com\/wp-content\/uploads\/2024\/06\/saft_3-169x300.jpeg 169w, https:\/\/saftunisie.com\/wp-content\/uploads\/2024\/06\/saft_3.jpeg 720w\" sizes=\"auto, (max-width: 576px) 100vw, 576px\" \/><\/a><\/li><li><a class=\"\" href=\"https:\/\/saftunisie.com\/wp-content\/uploads\/2024\/06\/saft_2-576x1024.jpeg\" data-lightbox=\"lightbox[rel-1165-1890549246]\"><img loading=\"lazy\" decoding=\"async\" width=\"576\" height=\"1024\" src=\"https:\/\/saftunisie.com\/wp-content\/uploads\/2024\/06\/saft_2-576x1024.jpeg\" class=\"attachment-large\" alt=\"\" title=\"saft_2\" srcset=\"https:\/\/saftunisie.com\/wp-content\/uploads\/2024\/06\/saft_2-576x1024.jpeg 576w, https:\/\/saftunisie.com\/wp-content\/uploads\/2024\/06\/saft_2-169x300.jpeg 169w, https:\/\/saftunisie.com\/wp-content\/uploads\/2024\/06\/saft_2.jpeg 720w\" sizes=\"auto, (max-width: 576px) 100vw, 576px\" \/><\/a><\/li><\/ul><\/div><\/div><\/div><\/div><\/div><\/div><div class=\"wpb_column vc_column_container vc_col-sm-3\"><div class=\"vc_column-inner\"><div class=\"wpb_wrapper\"><\/div><\/div><\/div><\/div>\n<\/div>","protected":false},"excerpt":{"rendered":"From April 29 to May 1, 2024, SAFT Tunisie will have the honor of participating in the prestigious Salon International","protected":false},"author":23,"featured_media":1169,"comment_status":"closed","ping_status":"closed","sticky":false,"template":"","format":"standard","meta":{"footnotes":""},"categories":[33,34],"tags":[],"class_list":["post-1165","post","type-post","status-publish","format-standard","has-post-thumbnail","hentry","category-dates-deglet-nour","category-tunisian-dates"],"yoast_head":"<!-- This site is optimized with the Yoast SEO plugin v27.4 - https:\/\/yoast.com\/product\/yoast-seo-wordpress\/ -->\n<title>SAFT Tunisie&#039;s Participation in SIAL Canada 2024: A Remarkable Presence with Exceptional Nour Dates - SAFT<\/title>\n<meta name=\"robots\" content=\"index, follow, max-snippet:-1, max-image-preview:large, max-video-preview:-1\" \/>\n<link rel=\"canonical\" href=\"https:\/\/saftunisie.com\/it\/saft-tunisies-participation-in-sial-canada-2024-a-remarkable-presence-with-exceptional-nour-dates\/\" \/>\n<meta property=\"og:locale\" content=\"it_IT\" \/>\n<meta property=\"og:type\" content=\"article\" \/>\n<meta property=\"og:title\" content=\"SAFT Tunisie&#039;s Participation in SIAL Canada 2024: A Remarkable Presence with Exceptional Nour Dates - SAFT\" \/>\n<meta property=\"og:url\" content=\"https:\/\/saftunisie.com\/it\/saft-tunisies-participation-in-sial-canada-2024-a-remarkable-presence-with-exceptional-nour-dates\/\" \/>\n<meta property=\"og:site_name\" content=\"SAFT\" \/>\n<meta property=\"article:published_time\" content=\"2024-04-20T11:31:17+00:00\" \/>\n<meta property=\"article:modified_time\" content=\"2024-06-04T11:38:50+00:00\" \/>\n<meta property=\"og:image\" content=\"https:\/\/saftunisie.com\/wp-content\/uploads\/2024\/06\/saft_1.jpeg\" \/>\n\t<meta property=\"og:image:width\" content=\"1280\" \/>\n\t<meta property=\"og:image:height\" content=\"960\" \/>\n\t<meta property=\"og:image:type\" content=\"image\/jpeg\" \/>\n<meta name=\"author\" content=\"SafTunisie\" \/>\n<meta name=\"twitter:card\" content=\"summary_large_image\" \/>\n<meta name=\"twitter:label1\" content=\"Scritto da\" \/>\n\t<meta name=\"twitter:data1\" content=\"SafTunisie\" \/>\n\t<meta name=\"twitter:label2\" content=\"Tempo di lettura stimato\" \/>\n\t<meta name=\"twitter:data2\" content=\"4 minuti\" \/>\n<script type=\"application\/ld+json\" class=\"yoast-schema-graph\">{\"@context\":\"https:\\\/\\\/schema.org\",\"@graph\":[{\"@type\":\"Article\",\"@id\":\"https:\\\/\\\/saftunisie.com\\\/saft-tunisies-participation-in-sial-canada-2024-a-remarkable-presence-with-exceptional-nour-dates\\\/#article\",\"isPartOf\":{\"@id\":\"https:\\\/\\\/saftunisie.com\\\/saft-tunisies-participation-in-sial-canada-2024-a-remarkable-presence-with-exceptional-nour-dates\\\/\"},\"author\":{\"name\":\"SafTunisie\",\"@id\":\"https:\\\/\\\/saftunisie.com\\\/#\\\/schema\\\/person\\\/6fd8d93fd7f129fb56f389b9d3d34f20\"},\"headline\":\"SAFT Tunisie&#8217;s Participation in SIAL Canada 2024: A Remarkable Presence with Exceptional Nour Dates\",\"datePublished\":\"2024-04-20T11:31:17+00:00\",\"dateModified\":\"2024-06-04T11:38:50+00:00\",\"mainEntityOfPage\":{\"@id\":\"https:\\\/\\\/saftunisie.com\\\/saft-tunisies-participation-in-sial-canada-2024-a-remarkable-presence-with-exceptional-nour-dates\\\/\"},\"wordCount\":464,\"publisher\":{\"@id\":\"https:\\\/\\\/saftunisie.com\\\/#organization\"},\"image\":{\"@id\":\"https:\\\/\\\/saftunisie.com\\\/saft-tunisies-participation-in-sial-canada-2024-a-remarkable-presence-with-exceptional-nour-dates\\\/#primaryimage\"},\"thumbnailUrl\":\"https:\\\/\\\/saftunisie.com\\\/wp-content\\\/uploads\\\/2024\\\/06\\\/saft_1.jpeg\",\"articleSection\":[\"Dates Deglet Nour\",\"Tunisian Dates\"],\"inLanguage\":\"it-IT\"},{\"@type\":\"WebPage\",\"@id\":\"https:\\\/\\\/saftunisie.com\\\/saft-tunisies-participation-in-sial-canada-2024-a-remarkable-presence-with-exceptional-nour-dates\\\/\",\"url\":\"https:\\\/\\\/saftunisie.com\\\/saft-tunisies-participation-in-sial-canada-2024-a-remarkable-presence-with-exceptional-nour-dates\\\/\",\"name\":\"SAFT Tunisie's Participation in SIAL Canada 2024: A Remarkable Presence with Exceptional Nour Dates - SAFT\",\"isPartOf\":{\"@id\":\"https:\\\/\\\/saftunisie.com\\\/#website\"},\"primaryImageOfPage\":{\"@id\":\"https:\\\/\\\/saftunisie.com\\\/saft-tunisies-participation-in-sial-canada-2024-a-remarkable-presence-with-exceptional-nour-dates\\\/#primaryimage\"},\"image\":{\"@id\":\"https:\\\/\\\/saftunisie.com\\\/saft-tunisies-participation-in-sial-canada-2024-a-remarkable-presence-with-exceptional-nour-dates\\\/#primaryimage\"},\"thumbnailUrl\":\"https:\\\/\\\/saftunisie.com\\\/wp-content\\\/uploads\\\/2024\\\/06\\\/saft_1.jpeg\",\"datePublished\":\"2024-04-20T11:31:17+00:00\",\"dateModified\":\"2024-06-04T11:38:50+00:00\",\"breadcrumb\":{\"@id\":\"https:\\\/\\\/saftunisie.com\\\/saft-tunisies-participation-in-sial-canada-2024-a-remarkable-presence-with-exceptional-nour-dates\\\/#breadcrumb\"},\"inLanguage\":\"it-IT\",\"potentialAction\":[{\"@type\":\"ReadAction\",\"target\":[\"https:\\\/\\\/saftunisie.com\\\/saft-tunisies-participation-in-sial-canada-2024-a-remarkable-presence-with-exceptional-nour-dates\\\/\"]}]},{\"@type\":\"ImageObject\",\"inLanguage\":\"it-IT\",\"@id\":\"https:\\\/\\\/saftunisie.com\\\/saft-tunisies-participation-in-sial-canada-2024-a-remarkable-presence-with-exceptional-nour-dates\\\/#primaryimage\",\"url\":\"https:\\\/\\\/saftunisie.com\\\/wp-content\\\/uploads\\\/2024\\\/06\\\/saft_1.jpeg\",\"contentUrl\":\"https:\\\/\\\/saftunisie.com\\\/wp-content\\\/uploads\\\/2024\\\/06\\\/saft_1.jpeg\",\"width\":1280,\"height\":960},{\"@type\":\"BreadcrumbList\",\"@id\":\"https:\\\/\\\/saftunisie.com\\\/saft-tunisies-participation-in-sial-canada-2024-a-remarkable-presence-with-exceptional-nour-dates\\\/#breadcrumb\",\"itemListElement\":[{\"@type\":\"ListItem\",\"position\":1,\"name\":\"Accueil\",\"item\":\"https:\\\/\\\/saftunisie.com\\\/\"},{\"@type\":\"ListItem\",\"position\":2,\"name\":\"SAFT Tunisie&#8217;s Participation in SIAL Canada 2024: A Remarkable Presence with Exceptional Nour Dates\"}]},{\"@type\":\"WebSite\",\"@id\":\"https:\\\/\\\/saftunisie.com\\\/#website\",\"url\":\"https:\\\/\\\/saftunisie.com\\\/\",\"name\":\"SAFT\",\"description\":\"SAFT CIE S.A.R.L (Soci\u00e9t\u00e9 Agricole et froid trading) was founded in 2000 by Mr. Abdelmajid Neifer\",\"publisher\":{\"@id\":\"https:\\\/\\\/saftunisie.com\\\/#organization\"},\"potentialAction\":[{\"@type\":\"SearchAction\",\"target\":{\"@type\":\"EntryPoint\",\"urlTemplate\":\"https:\\\/\\\/saftunisie.com\\\/?s={search_term_string}\"},\"query-input\":{\"@type\":\"PropertyValueSpecification\",\"valueRequired\":true,\"valueName\":\"search_term_string\"}}],\"inLanguage\":\"it-IT\"},{\"@type\":\"Organization\",\"@id\":\"https:\\\/\\\/saftunisie.com\\\/#organization\",\"name\":\"SAFTUNISIE\",\"url\":\"https:\\\/\\\/saftunisie.com\\\/\",\"logo\":{\"@type\":\"ImageObject\",\"inLanguage\":\"it-IT\",\"@id\":\"https:\\\/\\\/saftunisie.com\\\/#\\\/schema\\\/logo\\\/image\\\/\",\"url\":\"https:\\\/\\\/saftunisie.com\\\/wp-content\\\/uploads\\\/2021\\\/06\\\/logo2.png\",\"contentUrl\":\"https:\\\/\\\/saftunisie.com\\\/wp-content\\\/uploads\\\/2021\\\/06\\\/logo2.png\",\"width\":123,\"height\":127,\"caption\":\"SAFTUNISIE\"},\"image\":{\"@id\":\"https:\\\/\\\/saftunisie.com\\\/#\\\/schema\\\/logo\\\/image\\\/\"}},{\"@type\":\"Person\",\"@id\":\"https:\\\/\\\/saftunisie.com\\\/#\\\/schema\\\/person\\\/6fd8d93fd7f129fb56f389b9d3d34f20\",\"name\":\"SafTunisie\",\"image\":{\"@type\":\"ImageObject\",\"inLanguage\":\"it-IT\",\"@id\":\"https:\\\/\\\/secure.gravatar.com\\\/avatar\\\/c1e8444923ec639f631f013c121582fa487dc73989ff97b603ae594d4139377d?s=96&d=mm&r=g\",\"url\":\"https:\\\/\\\/secure.gravatar.com\\\/avatar\\\/c1e8444923ec639f631f013c121582fa487dc73989ff97b603ae594d4139377d?s=96&d=mm&r=g\",\"contentUrl\":\"https:\\\/\\\/secure.gravatar.com\\\/avatar\\\/c1e8444923ec639f631f013c121582fa487dc73989ff97b603ae594d4139377d?s=96&d=mm&r=g\",\"caption\":\"SafTunisie\"},\"url\":\"https:\\\/\\\/saftunisie.com\\\/it\\\/author\\\/contactali-abdennadher-fr\\\/\"}]}<\/script>\n<!-- \/ Yoast SEO plugin. -->","yoast_head_json":{"title":"SAFT Tunisie's Participation in SIAL Canada 2024: A Remarkable Presence with Exceptional Nour Dates - SAFT","robots":{"index":"index","follow":"follow","max-snippet":"max-snippet:-1","max-image-preview":"max-image-preview:large","max-video-preview":"max-video-preview:-1"},"canonical":"https:\/\/saftunisie.com\/it\/saft-tunisies-participation-in-sial-canada-2024-a-remarkable-presence-with-exceptional-nour-dates\/","og_locale":"it_IT","og_type":"article","og_title":"SAFT Tunisie's Participation in SIAL Canada 2024: A Remarkable Presence with Exceptional Nour Dates - SAFT","og_url":"https:\/\/saftunisie.com\/it\/saft-tunisies-participation-in-sial-canada-2024-a-remarkable-presence-with-exceptional-nour-dates\/","og_site_name":"SAFT","article_published_time":"2024-04-20T11:31:17+00:00","article_modified_time":"2024-06-04T11:38:50+00:00","og_image":[{"width":1280,"height":960,"url":"https:\/\/saftunisie.com\/wp-content\/uploads\/2024\/06\/saft_1.jpeg","type":"image\/jpeg"}],"author":"SafTunisie","twitter_card":"summary_large_image","twitter_misc":{"Scritto da":"SafTunisie","Tempo di lettura stimato":"4 minuti"},"schema":{"@context":"https:\/\/schema.org","@graph":[{"@type":"Article","@id":"https:\/\/saftunisie.com\/saft-tunisies-participation-in-sial-canada-2024-a-remarkable-presence-with-exceptional-nour-dates\/#article","isPartOf":{"@id":"https:\/\/saftunisie.com\/saft-tunisies-participation-in-sial-canada-2024-a-remarkable-presence-with-exceptional-nour-dates\/"},"author":{"name":"SafTunisie","@id":"https:\/\/saftunisie.com\/#\/schema\/person\/6fd8d93fd7f129fb56f389b9d3d34f20"},"headline":"SAFT Tunisie&#8217;s Participation in SIAL Canada 2024: A Remarkable Presence with Exceptional Nour Dates","datePublished":"2024-04-20T11:31:17+00:00","dateModified":"2024-06-04T11:38:50+00:00","mainEntityOfPage":{"@id":"https:\/\/saftunisie.com\/saft-tunisies-participation-in-sial-canada-2024-a-remarkable-presence-with-exceptional-nour-dates\/"},"wordCount":464,"publisher":{"@id":"https:\/\/saftunisie.com\/#organization"},"image":{"@id":"https:\/\/saftunisie.com\/saft-tunisies-participation-in-sial-canada-2024-a-remarkable-presence-with-exceptional-nour-dates\/#primaryimage"},"thumbnailUrl":"https:\/\/saftunisie.com\/wp-content\/uploads\/2024\/06\/saft_1.jpeg","articleSection":["Dates Deglet Nour","Tunisian Dates"],"inLanguage":"it-IT"},{"@type":"WebPage","@id":"https:\/\/saftunisie.com\/saft-tunisies-participation-in-sial-canada-2024-a-remarkable-presence-with-exceptional-nour-dates\/","url":"https:\/\/saftunisie.com\/saft-tunisies-participation-in-sial-canada-2024-a-remarkable-presence-with-exceptional-nour-dates\/","name":"SAFT Tunisie's Participation in SIAL Canada 2024: A Remarkable Presence with Exceptional Nour Dates - SAFT","isPartOf":{"@id":"https:\/\/saftunisie.com\/#website"},"primaryImageOfPage":{"@id":"https:\/\/saftunisie.com\/saft-tunisies-participation-in-sial-canada-2024-a-remarkable-presence-with-exceptional-nour-dates\/#primaryimage"},"image":{"@id":"https:\/\/saftunisie.com\/saft-tunisies-participation-in-sial-canada-2024-a-remarkable-presence-with-exceptional-nour-dates\/#primaryimage"},"thumbnailUrl":"https:\/\/saftunisie.com\/wp-content\/uploads\/2024\/06\/saft_1.jpeg","datePublished":"2024-04-20T11:31:17+00:00","dateModified":"2024-06-04T11:38:50+00:00","breadcrumb":{"@id":"https:\/\/saftunisie.com\/saft-tunisies-participation-in-sial-canada-2024-a-remarkable-presence-with-exceptional-nour-dates\/#breadcrumb"},"inLanguage":"it-IT","potentialAction":[{"@type":"ReadAction","target":["https:\/\/saftunisie.com\/saft-tunisies-participation-in-sial-canada-2024-a-remarkable-presence-with-exceptional-nour-dates\/"]}]},{"@type":"ImageObject","inLanguage":"it-IT","@id":"https:\/\/saftunisie.com\/saft-tunisies-participation-in-sial-canada-2024-a-remarkable-presence-with-exceptional-nour-dates\/#primaryimage","url":"https:\/\/saftunisie.com\/wp-content\/uploads\/2024\/06\/saft_1.jpeg","contentUrl":"https:\/\/saftunisie.com\/wp-content\/uploads\/2024\/06\/saft_1.jpeg","width":1280,"height":960},{"@type":"BreadcrumbList","@id":"https:\/\/saftunisie.com\/saft-tunisies-participation-in-sial-canada-2024-a-remarkable-presence-with-exceptional-nour-dates\/#breadcrumb","itemListElement":[{"@type":"ListItem","position":1,"name":"Accueil","item":"https:\/\/saftunisie.com\/"},{"@type":"ListItem","position":2,"name":"SAFT Tunisie&#8217;s Participation in SIAL Canada 2024: A Remarkable Presence with Exceptional Nour Dates"}]},{"@type":"WebSite","@id":"https:\/\/saftunisie.com\/#website","url":"https:\/\/saftunisie.com\/","name":"SAFT","description":"SAFT CIE SARL (Soci\u00e9t\u00e9 Agricole et froid trading) \u00e8 stata fondata nel 2000 dal Sig. Abdelmajid Neifer","publisher":{"@id":"https:\/\/saftunisie.com\/#organization"},"potentialAction":[{"@type":"SearchAction","target":{"@type":"EntryPoint","urlTemplate":"https:\/\/saftunisie.com\/?s={search_term_string}"},"query-input":{"@type":"PropertyValueSpecification","valueRequired":true,"valueName":"search_term_string"}}],"inLanguage":"it-IT"},{"@type":"Organization","@id":"https:\/\/saftunisie.com\/#organization","name":"SAFTUNISIE","url":"https:\/\/saftunisie.com\/","logo":{"@type":"ImageObject","inLanguage":"it-IT","@id":"https:\/\/saftunisie.com\/#\/schema\/logo\/image\/","url":"https:\/\/saftunisie.com\/wp-content\/uploads\/2021\/06\/logo2.png","contentUrl":"https:\/\/saftunisie.com\/wp-content\/uploads\/2021\/06\/logo2.png","width":123,"height":127,"caption":"SAFTUNISIE"},"image":{"@id":"https:\/\/saftunisie.com\/#\/schema\/logo\/image\/"}},{"@type":"Person","@id":"https:\/\/saftunisie.com\/#\/schema\/person\/6fd8d93fd7f129fb56f389b9d3d34f20","name":"SafTunisie","image":{"@type":"ImageObject","inLanguage":"it-IT","@id":"https:\/\/secure.gravatar.com\/avatar\/c1e8444923ec639f631f013c121582fa487dc73989ff97b603ae594d4139377d?s=96&d=mm&r=g","url":"https:\/\/secure.gravatar.com\/avatar\/c1e8444923ec639f631f013c121582fa487dc73989ff97b603ae594d4139377d?s=96&d=mm&r=g","contentUrl":"https:\/\/secure.gravatar.com\/avatar\/c1e8444923ec639f631f013c121582fa487dc73989ff97b603ae594d4139377d?s=96&d=mm&r=g","caption":"SafTunisie"},"url":"https:\/\/saftunisie.com\/it\/author\/contactali-abdennadher-fr\/"}]}},"_links":{"self":[{"href":"https:\/\/saftunisie.com\/it\/wp-json\/wp\/v2\/posts\/1165","targetHints":{"allow":["GET"]}}],"collection":[{"href":"https:\/\/saftunisie.com\/it\/wp-json\/wp\/v2\/posts"}],"about":[{"href":"https:\/\/saftunisie.com\/it\/wp-json\/wp\/v2\/types\/post"}],"author":[{"embeddable":true,"href":"https:\/\/saftunisie.com\/it\/wp-json\/wp\/v2\/users\/23"}],"replies":[{"embeddable":true,"href":"https:\/\/saftunisie.com\/it\/wp-json\/wp\/v2\/comments?post=1165"}],"version-history":[{"count":7,"href":"https:\/\/saftunisie.com\/it\/wp-json\/wp\/v2\/posts\/1165\/revisions"}],"predecessor-version":[{"id":1178,"href":"https:\/\/saftunisie.com\/it\/wp-json\/wp\/v2\/posts\/1165\/revisions\/1178"}],"wp:featuredmedia":[{"embeddable":true,"href":"https:\/\/saftunisie.com\/it\/wp-json\/wp\/v2\/media\/1169"}],"wp:attachment":[{"href":"https:\/\/saftunisie.com\/it\/wp-json\/wp\/v2\/media?parent=1165"}],"wp:term":[{"taxonomy":"category","embeddable":true,"href":"https:\/\/saftunisie.com\/it\/wp-json\/wp\/v2\/categories?post=1165"},{"taxonomy":"post_tag","embeddable":true,"href":"https:\/\/saftunisie.com\/it\/wp-json\/wp\/v2\/tags?post=1165"}],"curies":[{"name":"parola chiave","href":"https:\/\/api.w.org\/{rel}","templated":true}]}}